{"id":1635,"date":"2021-12-09T11:34:55","date_gmt":"2021-12-09T10:34:55","guid":{"rendered":"https:\/\/apartments-ante.com\/main-information\/"},"modified":"2022-05-26T14:00:26","modified_gmt":"2022-05-26T13:00:26","slug":"fo-informaciok","status":"publish","type":"post","link":"https:\/\/apartments-ante.com\/hu\/fo-informaciok\/","title":{"rendered":"F\u0151 inform\u00e1ci\u00f3k"},"content":{"rendered":"\n<p class=\"has-background\" style=\"background-color:#fffdf9\">Idegenforgalmi ad\u00f3t az \u00e1r tartalmazza.<\/p>\n\n\n\n<div class=\"wp-block-columns has-background is-layout-flex wp-container-core-columns-is-layout-9d6595d7 wp-block-columns-is-layout-flex\" style=\"background-color:#fffdf9\">\n<div class=\"wp-block-column is-layout-flow wp-block-column-is-layout-flow\" style=\"flex-basis:66.66%\">\n<p><strong>Nem k\u00f6telez\u0151 fel\u00e1r:<\/strong><\/p>\n\n\n\n<p>Kl\u00edma haszn\u00e1lat: 5 EUR\/nap<\/p>\n\n\n\n<p>Reggeli: 5 EUR\/f\u0151\/nap<\/p>\n\n\n\n<p><strong>El\u0151leg fizet\u00e9s \/ szobafoglal\u00e1s:<\/strong><\/p>\n\n\n\n<p>A foglal\u00e1s visszaigazol\u00e1sa a teljes \u00f6sszeg 25%-\u00e1nak el\u0151leg befizet\u00e9se ut\u00e1n t\u00f6rt\u00e9nik. Az el\u0151leg visszafizet\u00e9se csak a megbesz\u00e9lt \u00e9rkez\u00e9si id\u0151pont el\u0151tt legal\u00e1bb 45 nappal t\u00f6rt\u00e9nt lemond\u00e1s eset\u00e9n lehets\u00e9ges.<\/p>\n<\/div>\n\n\n\n<div class=\"wp-block-column is-layout-flow wp-block-column-is-layout-flow\" style=\"flex-basis:33.33%\">\n<p><strong>\u00c9rkez\u00e9s:<\/strong> ut\u00e1na 13:00 h<\/p>\n\n\n\n<p><strong>Indul\u00e1s:<\/strong> am\u00edg 10:00 h<\/p>\n\n\n\n<p><strong>Kor\u00e1bbi indul\u00e1s:<\/strong><\/p>\n\n\n\n<p>Ha a vend\u00e9gek a tervezettn\u00e9l kor\u00e1bban t\u00e1voznak, a teljes \u00e1r felsz\u00e1m\u00edt\u00e1sra ker\u00fcl.<\/p>\n<\/div>\n<\/div>\n","protected":false},"excerpt":{"rendered":"<p>Idegenforgalmi ad\u00f3t az \u00e1r tartalmazza. Nem k\u00f6telez\u0151 fel\u00e1r: Kl\u00edma haszn\u00e1lat: 5 EUR\/nap Reggeli: 5 EUR\/f\u0151\/nap El\u0151leg fizet\u00e9s \/ szobafoglal\u00e1s: A foglal\u00e1s visszaigazol\u00e1sa a teljes \u00f6sszeg 25%-\u00e1nak el\u0151leg befizet\u00e9se ut\u00e1n t\u00f6rt\u00e9nik. Az el\u0151leg visszafizet\u00e9se csak a megbesz\u00e9lt \u00e9rkez\u00e9si id\u0151pont el\u0151tt legal\u00e1bb 45 nappal t\u00f6rt\u00e9nt lemond\u00e1s eset\u00e9n lehets\u00e9ges. \u00c9rkez\u00e9s: ut\u00e1na 13:00 h Indul\u00e1s: am\u00edg 10:00 h Kor\u00e1bbi <\/p>\n","protected":false},"author":1,"featured_media":0,"comment_status":"closed","ping_status":"closed","sticky":false,"template":"","format":"standard","meta":{"_acf_changed":false,"footnotes":""},"categories":[65],"tags":[],"class_list":["post-1635","post","type-post","status-publish","format-standard","hentry","category-fo-informaciok"],"acf":[],"_links":{"self":[{"href":"https:\/\/apartments-ante.com\/hu\/wp-json\/wp\/v2\/posts\/1635","targetHints":{"allow":["GET"]}}],"collection":[{"href":"https:\/\/apartments-ante.com\/hu\/wp-json\/wp\/v2\/posts"}],"about":[{"href":"https:\/\/apartments-ante.com\/hu\/wp-json\/wp\/v2\/types\/post"}],"author":[{"embeddable":true,"href":"https:\/\/apartments-ante.com\/hu\/wp-json\/wp\/v2\/users\/1"}],"replies":[{"embeddable":true,"href":"https:\/\/apartments-ante.com\/hu\/wp-json\/wp\/v2\/comments?post=1635"}],"version-history":[{"count":8,"href":"https:\/\/apartments-ante.com\/hu\/wp-json\/wp\/v2\/posts\/1635\/revisions"}],"predecessor-version":[{"id":2809,"href":"https:\/\/apartments-ante.com\/hu\/wp-json\/wp\/v2\/posts\/1635\/revisions\/2809"}],"wp:attachment":[{"href":"https:\/\/apartments-ante.com\/hu\/wp-json\/wp\/v2\/media?parent=1635"}],"wp:term":[{"taxonomy":"category","embeddable":true,"href":"https:\/\/apartments-ante.com\/hu\/wp-json\/wp\/v2\/categories?post=1635"},{"taxonomy":"post_tag","embeddable":true,"href":"https:\/\/apartments-ante.com\/hu\/wp-json\/wp\/v2\/tags?post=1635"}],"curies":[{"name":"wp","href":"https:\/\/api.w.org\/{rel}","templated":true}]}}